{"id":29,"date":"2007-08-26T16:46:03","date_gmt":"2007-08-26T14:46:03","guid":{"rendered":"http:\/\/lioso.net\/?p=29"},"modified":"2007-08-26T16:52:23","modified_gmt":"2007-08-26T14:52:23","slug":"catedrales-de-salamanca","status":"publish","type":"post","link":"https:\/\/lioso.net\/?p=29","title":{"rendered":"Catedrales de Salamanca"},"content":{"rendered":"<p>Seguro que os suena raro el t\u00edtulo pero tiene su raz\u00f3n por que  <a href=\"http:\/\/www.salamanca.com\/\" title=\"Salamanca.com\" target=\"_blank\">Salamanca <\/a>es de las pocas ciudades existentes que posen dos catedrales. La \u00abcatedral vieja y la catedral nueva\u00bb:<\/p>\n<p><a href=\"http:\/\/lioso.net\/wp-content\/gallery\/salamanca-9-8-07\/DSC_6778-01%20%28Custom%29.jpg\" class=\"thickbox\" title=\"DSC_6778-01 (Custom).jpg\"><\/a><\/p>\n<p style=\"text-align: center\"><a href=\"http:\/\/lioso.net\/wp-content\/gallery\/salamanca-9-8-07\/DSC_6778-01%20%28Custom%29.jpg\" class=\"thickbox\" title=\"DSC_6778-01 (Custom).jpg\"><img loading=\"lazy\" decoding=\"async\" src=\"http:\/\/lioso.net\/wp-content\/gallery\/salamanca-9-8-07\/DSC_6778-01%20%28Custom%29.jpg\" class=\"nowrap\" alt=\"DSC_6778-01 (Custom).jpg\" title=\"DSC_6778-01 (Custom).jpg\" height=\"318\" width=\"479\" \/><\/a><\/p>\n<p><!--more--><\/p>\n<p><a href=\"http:\/\/lioso.net\/wp-content\/gallery\/salamanca-9-8-07\/DSC_6791-01%20%28Custom%29.jpg\" class=\"thickbox\" title=\"DSC_6791-01 (Custom).jpg\"><img loading=\"lazy\" decoding=\"async\" src=\"http:\/\/lioso.net\/wp-content\/gallery\/salamanca-9-8-07\/DSC_6791-01%20%28Custom%29.jpg\" alt=\"DSC_6791-01 (Custom).jpg\" title=\"DSC_6791-01 (Custom).jpg\" align=\"left\" height=\"385\" width=\"260\" \/><\/a><\/p>\n<p>La llamada \u00abcatedral vieja\u00bb se hizo durante los siglos XII y XIII que se compone de una planta de cruz latina y tres naves de factura rom\u00e1nica rematado con b\u00f3vedas de transici\u00f3n al g\u00f3tico. Esta catedral tiene un claustro que jug\u00f3 un papel muy importante en su \u00e9poca pues es de donde nacieron los primeros estudios en Salamanca (antes muy relacionados con la religi\u00f3n) y que fuero la semilla de lo que se conoce hoy como la <a href=\"http:\/\/www.usal.es\/web-usal\/\" title=\"Universidad de Salamanca\" target=\"_blank\">Universidad de Salamanca<\/a>.<\/p>\n<p>En la foto que pod\u00e9is ver aqu\u00ed a la izquierda se aprecia un retablo de La Historia de la Salvaci\u00f3n formado por 53 tablas coronado con la escena de El Juicio Final.<\/p>\n<p>As\u00ed mismo en el centro del retablo se puede apreciar una figura que es la imagen de la Virgen de la Vega que es la patrona de Salamanca.<\/p>\n<p>Esta catedral tiene una gran cantidad de sepulcros como viene siendo habitual, teniendo tras sus piedras personajes muy importantes de nuestra historia como pueden ser la hija del rey Alfonso VIII y el sepulcro Juan Fern\u00e1ndez, nieto de Alfonso IX de Le\u00f3n.<\/p>\n<p>&nbsp; <\/p>\n<p>&nbsp; <\/p>\n<p>Cuando se empez\u00f3 a construir la \u00abcatedral nueva\u00bb en 1513 lo normal hubiera sido derruir la antigua us\u00e1ndola como cantera pero que por orden de los Reyes Cat\u00f3licos esto fue prohibido causa de que ha d\u00eda de hoy siga a\u00fan en pie. No debemos de ver esto como que locura tirar algo tan incre\u00edble si no tenemos que verlo desde el punto de vista \u00fatil que ten\u00edan en esa \u00e9poca de las catedrales.<\/p>\n<p><a href=\"http:\/\/lioso.net\/wp-content\/gallery\/salamanca-9-8-07\/DSC_6785-01%20%28Custom%29.jpg\" class=\"thickbox\" title=\"DSC_6785-01 (Custom).jpg\"><img loading=\"lazy\" decoding=\"async\" src=\"http:\/\/lioso.net\/wp-content\/gallery\/salamanca-9-8-07\/DSC_6785-01%20%28Custom%29.jpg\" alt=\"DSC_6785-01 (Custom).jpg\" title=\"DSC_6785-01 (Custom).jpg\" align=\"left\" height=\"248\" width=\"372\" \/><\/a>La \u00abCatedral nueva\u00bb se termin\u00f3 de construir en 1733 pero si la visit\u00e1is podr\u00e9is apreciar sin muchos problemas que a\u00fan quedan zonas sin terminar. Esto no es de extra\u00f1ar ya que las catedrales no era vista como una obra a acabar sino algo que va creciendo con el paso de los a\u00f1os, mejorando y a\u00f1adiendo cosas.<\/p>\n<p>A la izquierda pod\u00e9is ver el cimborrio formado por un oct\u00f3gono en el que se encuentran relieves con ocho escenas de la Virgen. Esta presidido por amplios ventanales y una c\u00fapula semiesf\u00e9rica con una linterna en lo m\u00e1s alto.<\/p>\n<p>Fue terminada por Juan Sagarbinaga en 1765.<\/p>\n<p>Tampoco me quiero explayar mucho m\u00e1s por lo que a continuaci\u00f3n os pongo alguna foto m\u00e1s de la catedral nueva desde dentro y tambi\u00e9n desde el exterior en la que se ve la profusa fachada en detalles entre los                que destacan los relieves de las escenas principales del Nacimiento                y la Epifan\u00eda. Al final os pongo las fuentes que he utilizado por si quer\u00e9is saber m\u00e1s sobre el tema.<\/p>\n<p align=\"center\"><a href=\"http:\/\/lioso.net\/wp-content\/gallery\/salamanca-9-8-07\/DSC_6780-01%20%28Custom%29.jpg\" class=\"thickbox\" title=\"DSC_6780-01 (Custom).jpg\"><img decoding=\"async\" src=\"http:\/\/lioso.net\/wp-content\/gallery\/salamanca-9-8-07\/thumbs\/thumbs_DSC_6780-01%20%28Custom%29.jpg\" class=\"nowrap\" alt=\"DSC_6780-01 (Custom).jpg\" title=\"DSC_6780-01 (Custom).jpg\" \/><\/a><a href=\"http:\/\/lioso.net\/wp-content\/gallery\/salamanca-9-8-07\/DSC_6781-01%20%28Custom%29.jpg\" class=\"thickbox\" title=\"DSC_6781-01 (Custom).jpg\"><img decoding=\"async\" src=\"http:\/\/lioso.net\/wp-content\/gallery\/salamanca-9-8-07\/thumbs\/thumbs_DSC_6781-01%20%28Custom%29.jpg\" class=\"nowrap\" alt=\"DSC_6781-01 (Custom).jpg\" title=\"DSC_6781-01 (Custom).jpg\" \/><\/a><a href=\"http:\/\/lioso.net\/wp-content\/gallery\/salamanca-9-8-07\/DSC_6782-01%20%28Custom%29.jpg\" class=\"thickbox\" title=\"DSC_6782-01 (Custom).jpg\"><img decoding=\"async\" src=\"http:\/\/lioso.net\/wp-content\/gallery\/salamanca-9-8-07\/thumbs\/thumbs_DSC_6782-01%20%28Custom%29.jpg\" class=\"nowrap\" alt=\"DSC_6782-01 (Custom).jpg\" title=\"DSC_6782-01 (Custom).jpg\" \/><\/a><a href=\"http:\/\/lioso.net\/wp-content\/gallery\/salamanca-9-8-07\/DSC_6784-01%20%28Custom%29.jpg\" class=\"thickbox\" title=\"DSC_6784-01 (Custom).jpg\"><img decoding=\"async\" src=\"http:\/\/lioso.net\/wp-content\/gallery\/salamanca-9-8-07\/thumbs\/thumbs_DSC_6784-01%20%28Custom%29.jpg\" class=\"nowrap\" alt=\"DSC_6784-01 (Custom).jpg\" title=\"DSC_6784-01 (Custom).jpg\" \/><\/a><\/p>\n<p>V\u00eda | <a href=\"http:\/\/www.catedralsalamanca.org\/\" title=\"P\u00e1gina de la catedral\" target=\"_blank\">catedraldesalamanca.org<\/a> | Fotos m\u00edas, como siempre<\/p>\n","protected":false},"excerpt":{"rendered":"<p>Seguro que os suena raro el t\u00edtulo pero tiene su raz\u00f3n por que Salamanca es de las pocas ciudades existentes que posen dos catedrales. La \u00abcatedral vieja y la catedral nueva\u00bb:<\/p>\n","protected":false},"author":3,"featured_media":0,"comment_status":"open","ping_status":"open","sticky":false,"template":"","format":"standard","meta":{"ngg_post_thumbnail":0,"footnotes":""},"categories":[9,5,12],"tags":[],"_links":{"self":[{"href":"https:\/\/lioso.net\/index.php?rest_route=\/wp\/v2\/posts\/29"}],"collection":[{"href":"https:\/\/lioso.net\/index.php?rest_route=\/wp\/v2\/posts"}],"about":[{"href":"https:\/\/lioso.net\/index.php?rest_route=\/wp\/v2\/types\/post"}],"author":[{"embeddable":true,"href":"https:\/\/lioso.net\/index.php?rest_route=\/wp\/v2\/users\/3"}],"replies":[{"embeddable":true,"href":"https:\/\/lioso.net\/index.php?rest_route=%2Fwp%2Fv2%2Fcomments&post=29"}],"version-history":[{"count":0,"href":"https:\/\/lioso.net\/index.php?rest_route=\/wp\/v2\/posts\/29\/revisions"}],"wp:attachment":[{"href":"https:\/\/lioso.net\/index.php?rest_route=%2Fwp%2Fv2%2Fmedia&parent=29"}],"wp:term":[{"taxonomy":"category","embeddable":true,"href":"https:\/\/lioso.net\/index.php?rest_route=%2Fwp%2Fv2%2Fcategories&post=29"},{"taxonomy":"post_tag","embeddable":true,"href":"https:\/\/lioso.net\/index.php?rest_route=%2Fwp%2Fv2%2Ftags&post=29"}],"curies":[{"name":"wp","href":"https:\/\/api.w.org\/{rel}","templated":true}]}}